{"id":22,"date":"2012-09-27T19:46:03","date_gmt":"2012-09-27T18:46:03","guid":{"rendered":"http:\/\/tic.cegepat.qc.ca\/prevention\/?p=22"},"modified":"2012-11-28T08:25:19","modified_gmt":"2012-11-28T13:25:19","slug":"comite-de-prevention-et-de-gestion-du-harcelement-et-de-la-violence","status":"publish","type":"post","link":"https:\/\/tic.cegepat.qc.ca\/prevention\/2012\/09\/27\/comite-de-prevention-et-de-gestion-du-harcelement-et-de-la-violence\/","title":{"rendered":"Comit\u00e9 de pr\u00e9vention et de gestion du harc\u00e8lement et de la violence"},"content":{"rendered":"<p><span style=\"font-family: Times New Roman;\">Le C\u00e9gep forme un comit\u00e9 compos\u00e9 de deux repr\u00e9sentants de chaque organisation volontairement impliqu\u00e9s et d\u00e9sign\u00e9s par leur syndicat ou association respective. Le r\u00f4le du comit\u00e9 consiste \u00e0 collaborer \u00e0 la r\u00e9alisation des objectifs de la pr\u00e9sente politique. <\/span><\/p>\n<p><span style=\"font-family: Times New Roman;\">Le comit\u00e9 a la responsabilit\u00e9, entre autres, de : <\/span><\/p>\n<ul>\n<li><span style=\"font-family: Times New Roman;\">mettre en place des activit\u00e9s de sensibilisation et de pr\u00e9vention; <\/span><\/li>\n<li><span style=\"font-family: Times New Roman;\">identifier des probl\u00e9matiques; <\/span><\/li>\n<li><span style=\"font-family: Times New Roman;\">\u00e9tablir un programme de formation pour outiller les diff\u00e9rents intervenants et s\u2019assurer de son bon fonctionnement; <\/span><\/li>\n<li><span style=\"font-family: Times New Roman;\">\u00e9tablir un programme d\u2019information; <\/span><\/li>\n<li><span style=\"font-family: Times New Roman;\">\u00e9tablir un registre confidentiel d\u2019incidents et compiler les donn\u00e9es statistiques; <\/span><\/li>\n<li><span style=\"font-family: Times New Roman;\">soumettre des recommandations \u00e0 la direction du Coll\u00e8ge.\u00a0 <\/span><\/li>\n<\/ul>\n","protected":false},"excerpt":{"rendered":"<p>Le C\u00e9gep forme un comit\u00e9 compos\u00e9 de deux repr\u00e9sentants de chaque organisation volontairement impliqu\u00e9s et d\u00e9sign\u00e9s par leur syndicat ou association respective. Le r\u00f4le du comit\u00e9 consiste \u00e0 collaborer \u00e0 la r\u00e9alisation des objectifs de la pr\u00e9sente politique.<br \/>\nLe comit\u00e9 &hellip;<\/p>\n<p class=\"read-more\"> <a class=\"more-link\" href=\"https:\/\/tic.cegepat.qc.ca\/prevention\/2012\/09\/27\/comite-de-prevention-et-de-gestion-du-harcelement-et-de-la-violence\/\"> <span class=\"screen-reader-text\">Comit\u00e9 de pr\u00e9vention et de gestion du harc\u00e8lement et de la violence<\/span> Read More &raquo;<\/a><\/p>\n","protected":false},"author":1,"featured_media":0,"comment_status":"open","ping_status":"closed","sticky":false,"template":"","format":"standard","meta":{"footnotes":""},"categories":[1],"tags":[],"class_list":["post-22","post","type-post","status-publish","format-standard","hentry","category-non-classe"],"_links":{"self":[{"href":"https:\/\/tic.cegepat.qc.ca\/prevention\/wp-json\/wp\/v2\/posts\/22","targetHints":{"allow":["GET"]}}],"collection":[{"href":"https:\/\/tic.cegepat.qc.ca\/prevention\/wp-json\/wp\/v2\/posts"}],"about":[{"href":"https:\/\/tic.cegepat.qc.ca\/prevention\/wp-json\/wp\/v2\/types\/post"}],"author":[{"embeddable":true,"href":"https:\/\/tic.cegepat.qc.ca\/prevention\/wp-json\/wp\/v2\/users\/1"}],"replies":[{"embeddable":true,"href":"https:\/\/tic.cegepat.qc.ca\/prevention\/wp-json\/wp\/v2\/comments?post=22"}],"version-history":[{"count":2,"href":"https:\/\/tic.cegepat.qc.ca\/prevention\/wp-json\/wp\/v2\/posts\/22\/revisions"}],"predecessor-version":[{"id":290,"href":"https:\/\/tic.cegepat.qc.ca\/prevention\/wp-json\/wp\/v2\/posts\/22\/revisions\/290"}],"wp:attachment":[{"href":"https:\/\/tic.cegepat.qc.ca\/prevention\/wp-json\/wp\/v2\/media?parent=22"}],"wp:term":[{"taxonomy":"category","embeddable":true,"href":"https:\/\/tic.cegepat.qc.ca\/prevention\/wp-json\/wp\/v2\/categories?post=22"},{"taxonomy":"post_tag","embeddable":true,"href":"https:\/\/tic.cegepat.qc.ca\/prevention\/wp-json\/wp\/v2\/tags?post=22"}],"curies":[{"name":"wp","href":"https:\/\/api.w.org\/{rel}","templated":true}]}}